{"id":14293,"date":"2026-08-30T17:25:46","date_gmt":"2026-08-30T16:25:46","guid":{"rendered":"https:\/\/clasicatenerife.es\/?p=14293"},"modified":"2026-08-30T17:32:22","modified_gmt":"2026-08-30T16:32:22","slug":"xxv-clasica-de-tenerife-preinscripciones-abiertas","status":"publish","type":"post","link":"https:\/\/clasicatenerife.es\/de\/xxv-clasica-de-tenerife-preinscripciones-abiertas\/","title":{"rendered":"XXV Cl\u00e1sica de Tenerife: \u00a1preinscripciones abiertas!"},"content":{"rendered":"<p>Empezamos un a\u00f1o m\u00e1s. Tras un intenso trabajo de organizaci\u00f3n por el <strong>RACT<\/strong> y colaboradores, que comenz\u00f3 casi cuando termin\u00f3 la edici\u00f3n de 2025, nos complace abrir las puertas a la <strong>XXV Cl\u00e1sica de Tenerife<\/strong>.<\/p>\n<p>El <strong>plazo de inscripci\u00f3n<\/strong> ya est\u00e1 abierto, y se alargar\u00e1 hasta el <strong>2 de octubre<\/strong>. Aunque parezca mucho tiempo, recuerda que, una pronta preinscripci\u00f3n facilita tu participaci\u00f3n. Adem\u00e1s, con ello contribuyes a la m\u00e1s eficiente organizaci\u00f3n de la prueba y evitas imprevistos finales.<\/p>\n<p>Esto a\u00f1o la serpiente de cl\u00e1sicos recorrer\u00e1 carreteras de <strong>Tenerife<\/strong> y <strong>La Gomera<\/strong> entre los d\u00edas 29 de octubre y 1 de noviembre.<\/p>\n<p>Tienes toda la informaci\u00f3n necesaria en la p\u00e1gina espec\u00edfica de la presente edici\u00f3n. En ella iremos publicando todos los contenidos e informaciones para que no te pierdas nada y tengas todo a mano. Puedes acceder a la p\u00e1gina <a href=\"https:\/\/clasicatenerife.es\/clasica-2026\/\"><strong>aqu\u00ed<\/strong><\/a>.<\/p>\n<p>Desde el <strong>Real Autom\u00f3vil Club de Tenerife<\/strong> continuamos trabajando arduamente para que esta especial <strong>XXV edici\u00f3n de la Cl\u00e1sica de Tenerife<\/strong> sea un \u00e9xito de organizaci\u00f3n y, por encima de todo, para que constituya un a\u00f1o m\u00e1s un ilusionante reencuentro de amigos y apasionados de los cl\u00e1sicos.<\/p>\n<p>Como siempre, esperamos verte en la parrilla de salida.<\/p>\n<p><em>Fotograf\u00eda de: Juan Jos\u00e9 Barrera Gonz\u00e1lez<\/em><\/p>\n","protected":false},"excerpt":{"rendered":"<p>Empezamos un a\u00f1o m\u00e1s. Tras un intenso trabajo de organizaci\u00f3n por el <strong>RACT<\/strong> y colaboradores, que comenz\u00f3 casi cuando termin\u00f3 la edici\u00f3n de 2025, nos complace abrir las puertas a la <strong>XXV Cl\u00e1sica de Tenerife<\/strong>. &hellip; <a href=\"https:\/\/clasicatenerife.es\/de\/xxv-clasica-de-tenerife-preinscripciones-abiertas\/\">Read More<\/a><\/p>\n","protected":false},"author":1,"featured_media":14295,"comment_status":"closed","ping_status":"closed","sticky":false,"template":"","format":"standard","meta":{"cybocfi_hide_featured_image":"","footnotes":""},"categories":[25,85],"tags":[],"class_list":["post-14293","post","type-post","status-publish","format-standard","has-post-thumbnail","hentry","category-actualidad","category-clasica-2026"],"_links":{"self":[{"href":"https:\/\/clasicatenerife.es\/de\/wp-json\/wp\/v2\/posts\/14293","targetHints":{"allow":["GET"]}}],"collection":[{"href":"https:\/\/clasicatenerife.es\/de\/wp-json\/wp\/v2\/posts"}],"about":[{"href":"https:\/\/clasicatenerife.es\/de\/wp-json\/wp\/v2\/types\/post"}],"author":[{"embeddable":true,"href":"https:\/\/clasicatenerife.es\/de\/wp-json\/wp\/v2\/users\/1"}],"replies":[{"embeddable":true,"href":"https:\/\/clasicatenerife.es\/de\/wp-json\/wp\/v2\/comments?post=14293"}],"version-history":[{"count":3,"href":"https:\/\/clasicatenerife.es\/de\/wp-json\/wp\/v2\/posts\/14293\/revisions"}],"predecessor-version":[{"id":14302,"href":"https:\/\/clasicatenerife.es\/de\/wp-json\/wp\/v2\/posts\/14293\/revisions\/14302"}],"wp:featuredmedia":[{"embeddable":true,"href":"https:\/\/clasicatenerife.es\/de\/wp-json\/wp\/v2\/media\/14295"}],"wp:attachment":[{"href":"https:\/\/clasicatenerife.es\/de\/wp-json\/wp\/v2\/media?parent=14293"}],"wp:term":[{"taxonomy":"category","embeddable":true,"href":"https:\/\/clasicatenerife.es\/de\/wp-json\/wp\/v2\/categories?post=14293"},{"taxonomy":"post_tag","embeddable":true,"href":"https:\/\/clasicatenerife.es\/de\/wp-json\/wp\/v2\/tags?post=14293"}],"curies":[{"name":"wp","href":"https:\/\/api.w.org\/{rel}","templated":true}]}}